{"id":4667,"date":"2025-09-05T10:46:59","date_gmt":"2025-09-05T08:46:59","guid":{"rendered":"https:\/\/kreuzkirche-addis.de\/home\/?p=4667"},"modified":"2025-09-05T10:51:40","modified_gmt":"2025-09-05T08:51:40","slug":"die-registrierung-unserer-kirchengemeinde-ein-meilenstein-in-der-geschichte","status":"publish","type":"post","link":"https:\/\/kreuzkirche-addis.de\/home\/blog\/die-registrierung-unserer-kirchengemeinde-ein-meilenstein-in-der-geschichte\/","title":{"rendered":"Die Registrierung unserer Kirchengemeinde \u2013 ein Meilenstein in der Geschichte"},"content":{"rendered":"<p>Ab dem 25. August 2025 ist unsere Kirche im \u201eMinistry of Peace\u201c, dem \u00e4thiopischen Innenministerium, registriert. Das Ministerium, das auch f\u00fcr die Verwaltung aller Religionsinstitutionen zust\u00e4ndig ist, hat uns das Zertifikat am 26. August ausgeh\u00e4ndigt.<\/p>\n<p>Damit sind wir nun endlich eine rechtlich anerkannte K\u00f6rperschaft in \u00c4thiopien. Das ist ein Grund zu gro\u00dfer Freude, denn nun sind wir in der Lage, f\u00fcr die verschiedenen Arbeitsbereiche von Kirche und Schule die weiteren erforderlichen Schritte zu unternehmen.<\/p>\n<p>Zun\u00e4chst werden wir als Tr\u00e4gerin der German Church School die erforderliche Lizenz beim Ministry of Education beantragen, was ohne Registrierung nicht m\u00f6glich war. Da wir bisher als assoziiertes Mitglied der Central Ethiopia Synod (seit 1978) vom Zentralb\u00fcro der Ethiopian Evangelical Church Mekane Yesus (EECMY) in allen personalrechtlichen und sonstigen b\u00fcrokratischen Belangen gegen\u00fcber dem Staat unterst\u00fctzt wurden, werden diese ganzen Vorg\u00e4nge nun auf uns \u00fcbertragen werden m\u00fcssen. Das bedeutet viel formale Arbeit, die nun ansteht.<\/p>\n<p>Seit Jahrzehnten schon hat die Evangelische Gemeinde Deutscher Sprache in \u00c4thiopien den Versuch unternommen, sich registrieren zu lassen. Die \u00e4thiopische Regierung hat uns seit 2008 im Zusammenhang mit der Neuorganisation aller zivilgesellschaftlichen Organisationen des \u00d6fteren gebeten und im letzten Jahr mehrmals ermahnt, uns registrieren zu lassen. Dass dies bisher nicht geschehen konnte, h\u00e4ngt mit diversen Pfarrerwechseln und anderen Aspekten zusammen. Nun aber konnten alle Voraussetzungen gekl\u00e4rt und der Registrierungsprozess umgesetzt werden.<\/p>\n<p>Hierzu geh\u00f6rt, dass wir von der Evangelischen Kirche in Deutschland (EKD), mit der wir als Kirchengemeinde seit 1965 assoziiert sind, alle erforderlichen Dokumente erhalten haben, die von deutschen und \u00e4thiopischen Beh\u00f6rden legalisiert wurden. Zudem haben vier deutschsprachige Botschaften in \u00c4thiopien Unterst\u00fctzungsschreiben an die Regierung geschickt. Als Kirchengemeinde mussten wir Formulare von mindestens 100 Mitgliedern mit Photos und Ausweiskopien vorlegen, sowie diverse Statuten und andere Nachweise vorlegen.<\/p>\n<p>Des Weiteren ist Geschick im Umgang mit den Beh\u00f6rden in Addis Abeba erforderlich, wobei sprachliche und kulturelle F\u00e4higkeiten geholfen haben. Nun sind wir als \u201eGerman Speaking Evangelical Church in Ethiopia\u201c registriert und haben rechtlich abgesichert M\u00f6glichkeiten, uns institutionell weiterzuentwickeln.<\/p>\n<p>Im Namen des Kirchenvorstands der Kreuzkirchengemeinde und der Schule danke ich allen, die an diesem Prozess mitgewirkt haben: der EKD, der EECMY, meinen Vorg\u00e4ngern, den Botschaften, den \u00e4thiopischen Beh\u00f6rden und unseren Mitarbeitenden aus der Verwaltung und Management.<\/p>\n<p style=\"text-align: center;\">Addis Abeba, 01.09.2025<\/p>\n<p style=\"text-align: center;\">Pastor Dr. J\u00fcrgen Klein<\/p>\n<p style=\"text-align: center;\">Gesch\u00e4ftsf\u00fchrender Pastor f\u00fcr Kirche und Schule<\/p>\n<p style=\"text-align: center;\"><img fetchpriority=\"high\" decoding=\"async\" class=\"alignnone size-large wp-image-4671\" src=\"https:\/\/kreuzkirche-addis.de\/wp-content\/uploads\/2025\/09\/IMG_5645-scaled-e1757062219990-1011x1024.jpg\" alt=\"\" width=\"1011\" height=\"1024\" srcset=\"https:\/\/kreuzkirche-addis.de\/wp-content\/uploads\/2025\/09\/IMG_5645-scaled-e1757062219990-1011x1024.jpg 1011w, https:\/\/kreuzkirche-addis.de\/wp-content\/uploads\/2025\/09\/IMG_5645-scaled-e1757062219990-296x300.jpg 296w, https:\/\/kreuzkirche-addis.de\/wp-content\/uploads\/2025\/09\/IMG_5645-scaled-e1757062219990-768x778.jpg 768w, https:\/\/kreuzkirche-addis.de\/wp-content\/uploads\/2025\/09\/IMG_5645-scaled-e1757062219990-1516x1536.jpg 1516w, https:\/\/kreuzkirche-addis.de\/wp-content\/uploads\/2025\/09\/IMG_5645-scaled-e1757062219990.jpg 1685w\" sizes=\"(max-width: 1011px) 100vw, 1011px\" \/><\/p>\n<p style=\"text-align: center;\">Helen Awoke, unsere Verwaltungsleiterin, und Pastor Dr. J\u00fcrgen Klein pr\u00e4sentieren stolz das frisch erworbene Zertifikat<\/p>\n<p>&nbsp;<\/p>\n<p>Hier ist der Artikel als PDF:\u00a0<a href=\"https:\/\/kreuzkirche-addis.de\/wp-content\/uploads\/2025\/09\/2025_09_01_Die-Registrierung-unserer-Kirche-1.pdf\">2025_09_01_Die Registrierung unserer Kirche<\/a><\/p>\n","protected":false},"excerpt":{"rendered":"<p>Ab dem 25. August 2025 ist unsere Kirche im \u201eMinistry of Peace\u201c, dem \u00e4thiopischen Innenministerium, registriert. Das Ministerium, das auch f\u00fcr die Verwaltung aller Religionsinstitutionen zust\u00e4ndig ist, hat uns das [&hellip;]<\/p>\n","protected":false},"author":2,"featured_media":4671,"comment_status":"closed","ping_status":"closed","sticky":false,"template":"","format":"standard","meta":{"footnotes":""},"categories":[9],"tags":[],"class_list":["post-4667","post","type-post","status-publish","format-standard","has-post-thumbnail","hentry","category-blog","entry","has-media"],"_links":{"self":[{"href":"https:\/\/kreuzkirche-addis.de\/home\/wp-json\/wp\/v2\/posts\/4667","targetHints":{"allow":["GET"]}}],"collection":[{"href":"https:\/\/kreuzkirche-addis.de\/home\/wp-json\/wp\/v2\/posts"}],"about":[{"href":"https:\/\/kreuzkirche-addis.de\/home\/wp-json\/wp\/v2\/types\/post"}],"author":[{"embeddable":true,"href":"https:\/\/kreuzkirche-addis.de\/home\/wp-json\/wp\/v2\/users\/2"}],"replies":[{"embeddable":true,"href":"https:\/\/kreuzkirche-addis.de\/home\/wp-json\/wp\/v2\/comments?post=4667"}],"version-history":[{"count":3,"href":"https:\/\/kreuzkirche-addis.de\/home\/wp-json\/wp\/v2\/posts\/4667\/revisions"}],"predecessor-version":[{"id":4672,"href":"https:\/\/kreuzkirche-addis.de\/home\/wp-json\/wp\/v2\/posts\/4667\/revisions\/4672"}],"wp:featuredmedia":[{"embeddable":true,"href":"https:\/\/kreuzkirche-addis.de\/home\/wp-json\/wp\/v2\/media\/4671"}],"wp:attachment":[{"href":"https:\/\/kreuzkirche-addis.de\/home\/wp-json\/wp\/v2\/media?parent=4667"}],"wp:term":[{"taxonomy":"category","embeddable":true,"href":"https:\/\/kreuzkirche-addis.de\/home\/wp-json\/wp\/v2\/categories?post=4667"},{"taxonomy":"post_tag","embeddable":true,"href":"https:\/\/kreuzkirche-addis.de\/home\/wp-json\/wp\/v2\/tags?post=4667"}],"curies":[{"name":"wp","href":"https:\/\/api.w.org\/{rel}","templated":true}]}}