{"id":4777,"date":"2025-10-01T11:00:33","date_gmt":"2025-10-01T09:00:33","guid":{"rendered":"https:\/\/kreuzkirche-addis.de\/home\/?p=4777"},"modified":"2025-10-24T19:16:18","modified_gmt":"2025-10-24T17:16:18","slug":"ein-neues-schuljahr-beginnt-die-schuleroeffnung-am-19-09-2025","status":"publish","type":"post","link":"https:\/\/kreuzkirche-addis.de\/home\/allgemein\/ein-neues-schuljahr-beginnt-die-schuleroeffnung-am-19-09-2025\/","title":{"rendered":"Ein neues Schuljahr beginnt &#8211; Die Schuler\u00f6ffnung am 19.09.2025"},"content":{"rendered":"<div class=\"lRu31\" dir=\"ltr\"><span class=\"HwtZe\" lang=\"de\"><span class=\"jCAhz ChMk0b\"><span class=\"ryNqvb\"><strong>\u201eGemeinsam haben wir es geschafft\u201c<\/strong> <\/span><\/span><\/span><\/div>\n<div dir=\"ltr\"><\/div>\n<div class=\"lRu31\" dir=\"ltr\"><span class=\"HwtZe\" lang=\"de\"><span class=\"jCAhz ChMk0b\"><span class=\"ryNqvb\">Montag, der 15. September 2025 (Meskerem 5, 2018 \u00c4th. Kalender), markierte den Beginn des neuen Schuljahres in \u00c4thiopien, auch an der Deutschen Kirchenschule, nur eine Woche nach der offiziellen Er\u00f6ffnung des Grand Ethiopian Renaissance Dam (GERD) unter dem Motto \u201eGemeinsam haben wir es geschafft\u201c (\u1260\u1205\u1265\u1228\u1275 \u127d\u1208\u1293\u120d, auf Amharisch).<\/span><\/span> <\/span><\/div>\n<div dir=\"ltr\"><\/div>\n<div dir=\"ltr\">\n<div><img fetchpriority=\"high\" decoding=\"async\" class=\"size-large wp-image-4778 aligncenter\" src=\"https:\/\/kreuzkirche-addis.de\/wp-content\/uploads\/2025\/10\/IMG_20250919_152853-1024x768.jpg\" alt=\"\" width=\"1024\" height=\"768\" srcset=\"https:\/\/kreuzkirche-addis.de\/wp-content\/uploads\/2025\/10\/IMG_20250919_152853-1024x768.jpg 1024w, https:\/\/kreuzkirche-addis.de\/wp-content\/uploads\/2025\/10\/IMG_20250919_152853-300x225.jpg 300w, https:\/\/kreuzkirche-addis.de\/wp-content\/uploads\/2025\/10\/IMG_20250919_152853-768x576.jpg 768w, https:\/\/kreuzkirche-addis.de\/wp-content\/uploads\/2025\/10\/IMG_20250919_152853-1536x1152.jpg 1536w, https:\/\/kreuzkirche-addis.de\/wp-content\/uploads\/2025\/10\/IMG_20250919_152853-2048x1536.jpg 2048w\" sizes=\"(max-width: 1024px) 100vw, 1024px\" \/><\/div>\n<div style=\"text-align: center;\">Die Erstkl\u00e4ssler der German Church School mit ihrer neuen Ausstattung<\/div>\n<div style=\"text-align: center;\">durch eine Unterst\u00fctzung der Domgemeinde in Braunschweig<\/div>\n<div><\/div>\n<\/div>\n<div class=\"lRu31\" dir=\"ltr\"><span class=\"HwtZe\" lang=\"de\"><span class=\"jCAhz\"><span class=\"ryNqvb\">Die Nachricht davon lag in der Luft und ber\u00fchrte die Kinder und alle \u00c4thiopier <span style=\"color: #000080;\">&#8211; und auch die in \u00c4thiopien lebenden Ausl\u00e4nder<\/span>.<\/span><\/span><span class=\"jCAhz\"><span class=\"ryNqvb\"> Am Freitag, dem 19. September 2025, feierten wir an der GCS einen stimmungsvollen und fr\u00f6hlichen offiziellen Er\u00f6ffnungstag, an dem wir die neuen Erstkl\u00e4ssler herzlich in der Schulgemeinschaft willkommen hie\u00dfen.<\/span><\/span><span class=\"jCAhz\"><span class=\"ryNqvb\"> Dieses Ereignis wird zus\u00e4tzlich durch die Geschenke der Schule bereichert, darunter eine Schultasche, Hefte, Bleistifte, Radiergummis und nat\u00fcrlich ein Federm\u00e4ppchen.<\/span><\/span> <span class=\"jCAhz\"><span class=\"ryNqvb\">Ihre Schuluniformen bekamen sie schon am ersten Schultag.<\/span><\/span> <span class=\"jCAhz\"><span class=\"ryNqvb\">Diese Gegenst\u00e4nde wurden wie schon seit mehreren Jahren durch Spenden des Braunschweiger Doms erworben.<\/span><\/span> <span class=\"jCAhz ChMk0b\"><span class=\"ryNqvb\">Die GCS dankt dem Vorstand des Braunschweiger Doms und den Freunden der Schule f\u00fcr ihre anhaltende Unterst\u00fctzung unserer Arbeit.<\/span><\/span><\/span><\/div>\n<div><\/div>\n<div><img decoding=\"async\" class=\"size-large wp-image-4784 aligncenter\" src=\"https:\/\/kreuzkirche-addis.de\/wp-content\/uploads\/2025\/10\/IMG-20250920-WA0036-1024x768.jpg\" alt=\"\" width=\"1024\" height=\"768\" srcset=\"https:\/\/kreuzkirche-addis.de\/wp-content\/uploads\/2025\/10\/IMG-20250920-WA0036-1024x768.jpg 1024w, https:\/\/kreuzkirche-addis.de\/wp-content\/uploads\/2025\/10\/IMG-20250920-WA0036-300x225.jpg 300w, https:\/\/kreuzkirche-addis.de\/wp-content\/uploads\/2025\/10\/IMG-20250920-WA0036-768x576.jpg 768w, https:\/\/kreuzkirche-addis.de\/wp-content\/uploads\/2025\/10\/IMG-20250920-WA0036.jpg 1080w\" sizes=\"(max-width: 1024px) 100vw, 1024px\" \/><\/div>\n<div class=\"OvtS8d\"><\/div>\n<div><img decoding=\"async\" class=\"size-full wp-image-4790 aligncenter\" src=\"https:\/\/kreuzkirche-addis.de\/wp-content\/uploads\/2025\/10\/IMG-20250930-WA0015.jpg\" alt=\"\" width=\"1020\" height=\"765\" srcset=\"https:\/\/kreuzkirche-addis.de\/wp-content\/uploads\/2025\/10\/IMG-20250930-WA0015.jpg 1020w, https:\/\/kreuzkirche-addis.de\/wp-content\/uploads\/2025\/10\/IMG-20250930-WA0015-300x225.jpg 300w, https:\/\/kreuzkirche-addis.de\/wp-content\/uploads\/2025\/10\/IMG-20250930-WA0015-768x576.jpg 768w\" sizes=\"(max-width: 1020px) 100vw, 1020px\" \/><\/div>\n<div><\/div>\n<div class=\"lRu31\" dir=\"ltr\">\n<div class=\"NQSJo\"><span class=\"HwtZe\" lang=\"de\"><span class=\"jCAhz ChMk0b\"><span class=\"ryNqvb\">Die offizielle Er\u00f6ffnungszeremonie begann mit zwei Liedern des Schulchors, eines auf Amharisch und eines auf Deutsch (So ein sch\u00f6ner Tag).<\/span><\/span> <span class=\"jCAhz ChMk0b\"><span class=\"ryNqvb\">Die Veranstaltung wurde durch die Anwesenheit mehrerer G\u00e4ste und Teilnehmer zus\u00e4tzlich bereichert, darunter Mitglieder des Deutschen Kirchenvorstands, des GCS-Vorstands, ehemalige Sch\u00fcler der GCS sowie Sch\u00fcler der GCS, die gerade die Abiturpr\u00fcfung der 12. Klasse mit Bestnoten bestanden haben.<\/span><\/span> <span class=\"jCAhz\"><span class=\"ryNqvb\">Es ist ein gro\u00dfes Privileg, die ehemaligen Sch\u00fcler und die ganz kleinen Kinder nebeneinander zu sehen und sich an ihre Kindheitserinnerungen zu erinnern und zu zeigen, wie sehr sie ihren Aufenthalt an der Deutschen Kirchenschule mit all ihren Angeboten sch\u00e4tzen.<\/span><\/span><span class=\"jCAhz\"><span class=\"ryNqvb\"> Au\u00dferdem nahmen neben Lehrern und Mitarbeitern der Deutschen Kirchenschule auch Eltern von Kindern der ersten Klasse an dieser gro\u00dfen Veranstaltung teil.<\/span><\/span><\/span><\/div>\n<div><\/div>\n<\/div>\n<div><img loading=\"lazy\" decoding=\"async\" class=\"size-large wp-image-4789 aligncenter\" src=\"https:\/\/kreuzkirche-addis.de\/wp-content\/uploads\/2025\/10\/IMG-20250930-WA0013-1024x768.jpg\" alt=\"\" width=\"1024\" height=\"768\" srcset=\"https:\/\/kreuzkirche-addis.de\/wp-content\/uploads\/2025\/10\/IMG-20250930-WA0013-1024x768.jpg 1024w, https:\/\/kreuzkirche-addis.de\/wp-content\/uploads\/2025\/10\/IMG-20250930-WA0013-300x225.jpg 300w, https:\/\/kreuzkirche-addis.de\/wp-content\/uploads\/2025\/10\/IMG-20250930-WA0013-768x576.jpg 768w, https:\/\/kreuzkirche-addis.de\/wp-content\/uploads\/2025\/10\/IMG-20250930-WA0013.jpg 1280w\" sizes=\"(max-width: 1024px) 100vw, 1024px\" \/><\/div>\n<div style=\"text-align: center;\">Ato Teklu und Dr. Angelika Eder, Goethe Institut und Mitglied im Kirchenvorstand<\/div>\n<div><\/div>\n<div class=\"lRu31\" dir=\"ltr\">\n<div class=\"NQSJo\"><span class=\"HwtZe\" lang=\"de\"><span class=\"jCAhz\"><span class=\"ryNqvb\">Es war eine besondere Freude, Dr. Angelika Eder, Direktorin des Goethe-Instituts, in Addis Abeba bei der Veranstaltung begr\u00fc\u00dfen zu d\u00fcrfen.<\/span><\/span> <span class=\"jCAhz\"><span class=\"ryNqvb\">Dies war eine gro\u00dfe Ermutigung f\u00fcr das GCS-PASCH und unsere beiden Sch\u00fcler Kalkidan Girma und Rediet Hagos, die gerade von ihrem PASCH-Schulsommercamp aus Bamberg zur\u00fcckgekehrt waren.<\/span><\/span> <span class=\"jCAhz\"><span class=\"ryNqvb\">Sie sind auch die beiden Sch\u00fcler, die in diesem Schuljahr ein Stipendium der Deutschen Botschaftsschule in Addis Abeba (DBSAA) erhalten haben.<\/span><\/span> <span class=\"jCAhz ChMk0b\"><span class=\"ryNqvb\">Diese Chance hat ihre Hoffnung und Zukunft gest\u00e4rkt, vorausgesetzt, sie beweisen weiterhin ihre Deutschkenntnisse und ihr Studium.<\/span><\/span><\/span><\/div>\n<\/div>\n<div><\/div>\n<div>\n<figure id=\"attachment_4792\" aria-describedby=\"caption-attachment-4792\" style=\"width: 1024px\" class=\"wp-caption aligncenter\"><img loading=\"lazy\" decoding=\"async\" class=\"size-large wp-image-4792\" src=\"https:\/\/kreuzkirche-addis.de\/wp-content\/uploads\/2025\/10\/DSC09687-1-1024x575.jpg\" alt=\"\" width=\"1024\" height=\"575\" srcset=\"https:\/\/kreuzkirche-addis.de\/wp-content\/uploads\/2025\/10\/DSC09687-1-1024x575.jpg 1024w, https:\/\/kreuzkirche-addis.de\/wp-content\/uploads\/2025\/10\/DSC09687-1-300x169.jpg 300w, https:\/\/kreuzkirche-addis.de\/wp-content\/uploads\/2025\/10\/DSC09687-1-768x432.jpg 768w, https:\/\/kreuzkirche-addis.de\/wp-content\/uploads\/2025\/10\/DSC09687-1-1536x863.jpg 1536w, https:\/\/kreuzkirche-addis.de\/wp-content\/uploads\/2025\/10\/DSC09687-1-2048x1151.jpg 2048w, https:\/\/kreuzkirche-addis.de\/wp-content\/uploads\/2025\/10\/DSC09687-1-800x450.jpg 800w\" sizes=\"(max-width: 1024px) 100vw, 1024px\" \/><figcaption id=\"caption-attachment-4792\" class=\"wp-caption-text\"><span class=\"HwtZe\" lang=\"de\"><span class=\"jCAhz\"><span class=\"ryNqvb\">Kalkidan Girma und Rediet Hagos (unsere Stipendiatinnen an der Dt. Botschaftsschule, Ato Teklu und Dr. Anglika Eder<\/span><\/span><\/span><\/figcaption><\/figure>\n<\/div>\n<div class=\"UdTY9 WdefRb\" aria-hidden=\"true\" data-location=\"2\">\n<div class=\"kO6q6e\"><\/div>\n<\/div>\n<div class=\"XL3Kf XExWNc\">\n<div class=\"a8FIud\">\n<div data-show-delay-ms=\"250\" data-append-to-body=\"false\" data-propagate-tooltip-mouseover-events=\"true\" data-anchor-corner=\"bottom-end\" data-enable-skip-handler=\"true\" data-popup-corner=\"top-end\">\n<div class=\"dig2sb\">\n<div class=\"lRu31\" dir=\"ltr\"><span class=\"HwtZe\" lang=\"de\"><span class=\"jCAhz ChMk0b\"><span class=\"ryNqvb\">Auch Pastor Dr. J\u00fcrgen Klein \u00fcbermittelte Gru\u00dfworte und gab bekannt, dass die Deutschsprachige Evangelische Kirche in \u00c4thiopien (German Speaking Evangelical Church in Ethiopia) ihre Registrierungsurkunde erhalten hat, die sie zu einer legalen K\u00f6rperschaft macht. Er erkl\u00e4rte, dies sei nach jahrelangen, intensiven Bem\u00fchungen \u201egemeinsam durch den Glauben erreicht worden\u201c. <span style=\"color: #000080;\">In seiner Andacht bezog er sich auf Markus 9,23: &#8222;Alle Dinge sind m\u00f6glich dem, der da glaubt.&#8220; Er begl\u00fcckw\u00fcnschte die Erstkl\u00e4ssler &#8211; knapp \u00fcber 30 an der Zahl &#8211; und ihre Eltern, die sich freuen, dass ihre Kinder an der German Church School lernen k\u00f6nnen.\u00a0<\/span><\/span><\/span><\/span><\/div>\n<div dir=\"ltr\"><\/div>\n<\/div>\n<\/div>\n<div dir=\"ltr\"><img loading=\"lazy\" decoding=\"async\" class=\"size-large wp-image-4783 aligncenter\" src=\"https:\/\/kreuzkirche-addis.de\/wp-content\/uploads\/2025\/10\/IMG-20250920-WA0021-1024x768.jpg\" alt=\"\" width=\"1024\" height=\"768\" srcset=\"https:\/\/kreuzkirche-addis.de\/wp-content\/uploads\/2025\/10\/IMG-20250920-WA0021-1024x768.jpg 1024w, https:\/\/kreuzkirche-addis.de\/wp-content\/uploads\/2025\/10\/IMG-20250920-WA0021-300x225.jpg 300w, https:\/\/kreuzkirche-addis.de\/wp-content\/uploads\/2025\/10\/IMG-20250920-WA0021-768x576.jpg 768w, https:\/\/kreuzkirche-addis.de\/wp-content\/uploads\/2025\/10\/IMG-20250920-WA0021.jpg 1080w\" sizes=\"(max-width: 1024px) 100vw, 1024px\" \/><\/div>\n<div dir=\"ltr\" style=\"text-align: center;\">Pastor Dr. J\u00fcrgen Klein, Verantwortlicher Pastor f\u00fcr Kirche und Schule<\/div>\n<\/div>\n<div class=\"OvtS8d\"><\/div>\n<div class=\"a8FIud\">\n<div data-show-delay-ms=\"250\" data-append-to-body=\"false\" data-propagate-tooltip-mouseover-events=\"true\" data-anchor-corner=\"bottom-end\" data-enable-skip-handler=\"true\" data-popup-corner=\"top-end\">\n<div class=\"dig2sb\">\n<div class=\"lRu31\" dir=\"ltr\">\n<div class=\"NQSJo\">\n<div class=\"lRu31\" dir=\"ltr\">\n<p><span class=\"HwtZe\" lang=\"de\"><span class=\"jCAhz ChMk0b\"><span class=\"ryNqvb\">Die diesj\u00e4hrige offizielle Er\u00f6ffnungsfeier war insofern etwas Besonderes, als wir durch die Anwesenheit des Leiters des Schulamts des 6. Bezirks, Herrn Tesfalem Aberra, geehrt wurden.<\/span><\/span> <span class=\"jCAhz ChMk0b\"><span class=\"ryNqvb\">Er war nicht nur Ehrengast und Besucher, sondern w\u00fcrdigte auch die vorbildliche Arbeit der GCS und bekr\u00e4ftigte sein Engagement, die Arbeit der Schule, insbesondere ihre erfolgreiche Arbeit als Modellschule f\u00fcr Inklusion, zu unterst\u00fctzen und zu f\u00f6rdern.<\/span><\/span><\/span><\/p>\n<div class=\"OvtS8d\"><\/div>\n<\/div>\n<div dir=\"ltr\"><img loading=\"lazy\" decoding=\"async\" class=\"size-full wp-image-4787 aligncenter\" src=\"https:\/\/kreuzkirche-addis.de\/wp-content\/uploads\/2025\/10\/IMG-20250930-WA0007.jpg\" alt=\"\" width=\"1020\" height=\"765\" srcset=\"https:\/\/kreuzkirche-addis.de\/wp-content\/uploads\/2025\/10\/IMG-20250930-WA0007.jpg 1020w, https:\/\/kreuzkirche-addis.de\/wp-content\/uploads\/2025\/10\/IMG-20250930-WA0007-300x225.jpg 300w, https:\/\/kreuzkirche-addis.de\/wp-content\/uploads\/2025\/10\/IMG-20250930-WA0007-768x576.jpg 768w\" sizes=\"(max-width: 1020px) 100vw, 1020px\" \/><\/div>\n<div dir=\"ltr\" style=\"text-align: center;\"><span class=\"HwtZe\" lang=\"de\"><span class=\"jCAhz ChMk0b\"><span class=\"ryNqvb\">Ato Tesfalem Aberra, Verantwortlicher der Kreisbeh\u00f6rde f\u00fcr Bildung<\/span><\/span><\/span><\/div>\n<\/div>\n<\/div>\n<\/div>\n<div dir=\"ltr\"><\/div>\n<div class=\"dig2sb\">\n<div class=\"lRu31\" dir=\"ltr\">\n<div class=\"NQSJo\">\n<div class=\"ySES5\">\n<div class=\"lRu31\" dir=\"ltr\"><span class=\"HwtZe\" lang=\"de\"><span class=\"jCAhz ChMk0b\"><span class=\"ryNqvb\">Wir haben betont, dass die GCS einen weiteren Schritt in Richtung einer vollst\u00e4ndig inklusiven Schule gemacht hat, indem sie eine geh\u00f6rlose und eine Hilfslehrerin eingestellt hat, um die h\u00f6rgesch\u00e4digten Kinder zu unterrichten und zu integrieren.<\/span><\/span> <span class=\"jCAhz ChMk0b\"><span class=\"ryNqvb\">Dies ist ein bemerkenswerter Schritt in unseren Bem\u00fchungen, h\u00f6rgesch\u00e4digte Kinder in das inklusive Bildungsprogramm der GCS aufzunehmen.<\/span><\/span> <span class=\"jCAhz\"><span class=\"ryNqvb\">Dies wird durch ein Projekt und als Teil des laufenden Christoffel Blind Mission (CBM) Multi-Jahresplan erm\u00f6glicht.<\/span><\/span> <span class=\"jCAhz\"><span class=\"ryNqvb\">Die Schule ist dem CBM f\u00fcr diese Initiative dankbar, die es H\u00f6rgesch\u00e4digten erm\u00f6glicht, von den Angeboten der Schule zu profitieren.<\/span><\/span><\/span><\/div>\n<div dir=\"ltr\"><\/div>\n<\/div>\n<div dir=\"ltr\"><img loading=\"lazy\" decoding=\"async\" class=\"size-full wp-image-4793 aligncenter\" src=\"https:\/\/kreuzkirche-addis.de\/wp-content\/uploads\/2025\/10\/Bild1.jpg\" alt=\"\" width=\"852\" height=\"637\" srcset=\"https:\/\/kreuzkirche-addis.de\/wp-content\/uploads\/2025\/10\/Bild1.jpg 852w, https:\/\/kreuzkirche-addis.de\/wp-content\/uploads\/2025\/10\/Bild1-300x224.jpg 300w, https:\/\/kreuzkirche-addis.de\/wp-content\/uploads\/2025\/10\/Bild1-768x574.jpg 768w\" sizes=\"(max-width: 852px) 100vw, 852px\" \/><\/div>\n<div class=\"ySES5\">\n<div dir=\"ltr\"><\/div>\n<\/div>\n<\/div>\n<\/div>\n<\/div>\n<\/div>\n<\/div>\n<\/div>\n<div class=\"ySES5\"><span class=\"HwtZe\" lang=\"de\"><span class=\"jCAhz ChMk0b\"><span class=\"ryNqvb\">Wir sind der Meinung, dass wir einen soliden Start hingelegt und die H\u00e4lfte der Arbeit geschafft haben, obwohl noch rund 190 Schultage vor uns liegen.<\/span><\/span><span class=\"jCAhz\"><span class=\"ryNqvb\"> Wir danken allen, die uns bei diesem wunderbaren Start, unseren Bem\u00fchungen an der Deutschen Kirchenschule und den erzielten Erfolgen unterst\u00fctzt haben.<\/span><\/span><\/span><\/div>\n<div><\/div>\n<figure id=\"attachment_4779\" aria-describedby=\"caption-attachment-4779\" style=\"width: 1024px\" class=\"wp-caption aligncenter\"><img loading=\"lazy\" decoding=\"async\" class=\"size-large wp-image-4779\" src=\"https:\/\/kreuzkirche-addis.de\/wp-content\/uploads\/2025\/10\/DSC09587-1024x575.jpg\" alt=\"\" width=\"1024\" height=\"575\" srcset=\"https:\/\/kreuzkirche-addis.de\/wp-content\/uploads\/2025\/10\/DSC09587-1024x575.jpg 1024w, https:\/\/kreuzkirche-addis.de\/wp-content\/uploads\/2025\/10\/DSC09587-300x169.jpg 300w, https:\/\/kreuzkirche-addis.de\/wp-content\/uploads\/2025\/10\/DSC09587-768x432.jpg 768w, https:\/\/kreuzkirche-addis.de\/wp-content\/uploads\/2025\/10\/DSC09587-1536x863.jpg 1536w, https:\/\/kreuzkirche-addis.de\/wp-content\/uploads\/2025\/10\/DSC09587-2048x1151.jpg 2048w, https:\/\/kreuzkirche-addis.de\/wp-content\/uploads\/2025\/10\/DSC09587-800x450.jpg 800w\" sizes=\"(max-width: 1024px) 100vw, 1024px\" \/><figcaption id=\"caption-attachment-4779\" class=\"wp-caption-text\">Die gl\u00fccklichen Eltern der Erstkl\u00e4ssler<\/figcaption><\/figure>\n<div class=\"ySES5\"><\/div>\n<div class=\"ySES5\"><span class=\"HwtZe\" lang=\"de\"><span class=\"jCAhz ChMk0b\"><span class=\"ryNqvb\">Teklu Tafesse Barki <\/span><\/span><\/span><\/div>\n<div class=\"ySES5\"><span class=\"HwtZe\" lang=\"de\"><span class=\"jCAhz ChMk0b\"><span class=\"ryNqvb\">Direktor der GCS<\/span><\/span><\/span><\/div>\n<div class=\"ySES5\"><span class=\"HwtZe\" lang=\"de\"><span class=\"jCAhz ChMk0b\"><span class=\"ryNqvb\">Addis Abeba, \u00c4thiopien.<\/span><\/span><\/span><\/div>\n<div><\/div>\n<div>Hier die Pdf mit dem Bericht auf Englisch:<\/div>\n<div><a href=\"https:\/\/kreuzkirche-addis.de\/wp-content\/uploads\/2025\/10\/We-achieved-it-together-GCS-official-opening-day-Sept.-2025.pdf\">We achieved it together &#8211; GCS official opening day, Sept. 2025<\/a><\/div>\n","protected":false},"excerpt":{"rendered":"<p>\u201eGemeinsam haben wir es geschafft\u201c Montag, der 15. September 2025 (Meskerem 5, 2018 \u00c4th. Kalender), markierte den Beginn des neuen Schuljahres in \u00c4thiopien, auch an der Deutschen Kirchenschule, nur eine [&hellip;]<\/p>\n","protected":false},"author":2,"featured_media":4780,"comment_status":"closed","ping_status":"closed","sticky":false,"template":"","format":"standard","meta":{"footnotes":""},"categories":[1],"tags":[],"class_list":["post-4777","post","type-post","status-publish","format-standard","has-post-thumbnail","hentry","category-allgemein","entry","has-media"],"_links":{"self":[{"href":"https:\/\/kreuzkirche-addis.de\/home\/wp-json\/wp\/v2\/posts\/4777","targetHints":{"allow":["GET"]}}],"collection":[{"href":"https:\/\/kreuzkirche-addis.de\/home\/wp-json\/wp\/v2\/posts"}],"about":[{"href":"https:\/\/kreuzkirche-addis.de\/home\/wp-json\/wp\/v2\/types\/post"}],"author":[{"embeddable":true,"href":"https:\/\/kreuzkirche-addis.de\/home\/wp-json\/wp\/v2\/users\/2"}],"replies":[{"embeddable":true,"href":"https:\/\/kreuzkirche-addis.de\/home\/wp-json\/wp\/v2\/comments?post=4777"}],"version-history":[{"count":4,"href":"https:\/\/kreuzkirche-addis.de\/home\/wp-json\/wp\/v2\/posts\/4777\/revisions"}],"predecessor-version":[{"id":4884,"href":"https:\/\/kreuzkirche-addis.de\/home\/wp-json\/wp\/v2\/posts\/4777\/revisions\/4884"}],"wp:featuredmedia":[{"embeddable":true,"href":"https:\/\/kreuzkirche-addis.de\/home\/wp-json\/wp\/v2\/media\/4780"}],"wp:attachment":[{"href":"https:\/\/kreuzkirche-addis.de\/home\/wp-json\/wp\/v2\/media?parent=4777"}],"wp:term":[{"taxonomy":"category","embeddable":true,"href":"https:\/\/kreuzkirche-addis.de\/home\/wp-json\/wp\/v2\/categories?post=4777"},{"taxonomy":"post_tag","embeddable":true,"href":"https:\/\/kreuzkirche-addis.de\/home\/wp-json\/wp\/v2\/tags?post=4777"}],"curies":[{"name":"wp","href":"https:\/\/api.w.org\/{rel}","templated":true}]}}